{"id":1009,"date":"2021-11-25T12:40:35","date_gmt":"2021-11-25T12:40:35","guid":{"rendered":"http:\/\/migciechanow.pl\/?p=1009"},"modified":"2021-11-25T15:08:25","modified_gmt":"2021-11-25T15:08:25","slug":"szkolenie-polski-lad-od-strony-prawnej-i-ksiegowej","status":"publish","type":"post","link":"https:\/\/migciechanow.pl\/index.php\/2021\/11\/25\/szkolenie-polski-lad-od-strony-prawnej-i-ksiegowej\/","title":{"rendered":"SZKOLENIE MIG"},"content":{"rendered":"<p align=\"CENTER\">Zapraszamy na szkolenie:<\/p>\n<h1 align=\"CENTER\">\u201ePOLSKI \u0141AD od strony PRAWNEJ i KSI\u0118GOWEJ\u201d<\/h1>\n<p align=\"CENTER\"><span style=\"font-size: large;\"><b>7 grudnia 2021 r. godz. 10.00 \u2013 12.00<\/b><\/span><\/p>\n<p align=\"CENTER\"><span style=\"font-size: large;\"><b>Sala konferencyjna Starostwa Powiatowego w Ciechanowie, parter, budynek przy ul. 17 Stycznia 7.<\/b><\/span><\/p>\n<p align=\"CENTER\"><img fetchpriority=\"high\" decoding=\"async\" class=\"alignnone wp-image-1027\" src=\"http:\/\/migciechanow.pl\/wp-content\/uploads\/2021\/11\/szkolenie_plakat-2-247x300.jpg\" alt=\"\" width=\"750\" height=\"909\" srcset=\"https:\/\/migciechanow.pl\/wp-content\/uploads\/2021\/11\/szkolenie_plakat-2-247x300.jpg 247w, https:\/\/migciechanow.pl\/wp-content\/uploads\/2021\/11\/szkolenie_plakat-2-845x1024.jpg 845w, https:\/\/migciechanow.pl\/wp-content\/uploads\/2021\/11\/szkolenie_plakat-2-768x931.jpg 768w, https:\/\/migciechanow.pl\/wp-content\/uploads\/2021\/11\/szkolenie_plakat-2-1267x1536.jpg 1267w, https:\/\/migciechanow.pl\/wp-content\/uploads\/2021\/11\/szkolenie_plakat-2-1689x2048.jpg 1689w\" sizes=\"(max-width: 750px) 100vw, 750px\" \/><\/p>\n<h1 align=\"LEFT\"><span style=\"font-family: Arial Narrow, sans-serif;\"><span style=\"font-size: large;\"><b>1.\u00a0ASPEKTY PRAWNE<\/b><\/span><\/span><\/h1>\n<p align=\"LEFT\"><span style=\"font-family: Arial Narrow, sans-serif;\"><span style=\"font-size: large;\"><b>&#8211;\u00a0<\/b><\/span><span style=\"font-size: large;\">Jak najlepiej si\u0119 opodatkowa\u0107 od nowego roku?<\/span><\/span><\/p>\n<p align=\"LEFT\"><span style=\"font-family: Arial Narrow, sans-serif;\"><span style=\"font-size: large;\">&#8211;\u00a0<\/span><span style=\"font-size: large;\">O czym trzeba wiedzie\u0107? Nowe zasady dotycz\u0105ce sp\u00f3\u0142ek i jednoosobowych dzia\u0142alno\u015bci.<\/span><\/span><\/p>\n<p align=\"LEFT\"><span style=\"font-family: Arial Narrow, sans-serif;\"><span style=\"font-size: large;\">&#8211;\u00a0<\/span><span style=\"font-size: large;\">Planowanie podatkowe po 1 stycznia 2022 r.<\/span><\/span><\/p>\n<p align=\"LEFT\"><span style=\"font-family: Arial Narrow, sans-serif;\"><span style=\"font-size: large;\"><b>Prelegent:<\/b><\/span><\/span><\/p>\n<p align=\"LEFT\"><img decoding=\"async\" class=\"alignnone size-medium wp-image-1013\" src=\"http:\/\/migciechanow.pl\/wp-content\/uploads\/2021\/11\/radca-prawny-bartosz-machul-300x169.png\" alt=\"\" width=\"300\" height=\"169\" \/><\/p>\n<p align=\"LEFT\"><span style=\"font-family: Arial Narrow, sans-serif;\"><span style=\"font-size: large;\"><b>BARTOSZ MACHUL <\/b><\/span><\/span><span style=\"font-family: Arial Narrow, sans-serif;\"><span style=\"font-size: large;\">\u2013 radca prawny, cz\u0142onek Okr\u0119gowej Izby Radc\u00f3w Prawnych w Warszawie, prowadz\u0105cy Kancelari\u0119 w Ciechanowie, w swojej praktyce zajmuje si\u0119 prawem cywilnym i handlowym oraz obs\u0142ug\u0105 prawn\u0105 przedsi\u0119biorstw, w tym doradztwem podatkowym dla firm i instytucji oraz doradztwem transakcyjnym.<\/span><\/span><\/p>\n<h1 align=\"LEFT\"><span style=\"font-family: Arial Narrow, sans-serif;\"><span style=\"font-size: large;\">2.\u00a0<\/span><\/span><span style=\"font-size: large;\"><u><b>ASPEKTY KSI\u0118GOWE<\/b><\/u><\/span><\/h1>\n<p><span style=\"font-family: Times New Roman, serif;\"><span style=\"font-size: large;\"><u><b>ZMIANY W PIT <\/b><\/u><\/span><\/span><\/p>\n<p><span style=\"font-family: Times New Roman, serif;\"><span style=\"font-size: large;\">&#8211; wprowadzenie kwoty wolnej w nowej wysoko\u015bci<\/span><\/span><\/p>\n<p><span style=\"font-family: Times New Roman, serif;\"><span style=\"font-size: large;\">&#8211; podniesienie progu podatkowego<\/span><\/span><\/p>\n<p><span style=\"font-family: Times New Roman, serif;\"><span style=\"font-size: large;\">&#8211; ulga dla klasy \u015bredniej<\/span><\/span><\/p>\n<p><span style=\"font-family: Times New Roman, serif;\"><span style=\"font-size: large;\">&#8211; nowy katalog zwolnie\u0144 z PIT<\/span><\/span><\/p>\n<p><span style=\"font-family: Times New Roman, serif;\"><span style=\"font-size: large;\">&#8211; nowe zasady ustalania sk\u0142adki zdrowotnej<\/span><\/span><\/p>\n<p><span style=\"font-family: Times New Roman, serif;\"><span style=\"font-size: large;\">&#8211; sprzeda\u017c samochod\u00f3w wykupionych z leasingu<\/span><\/span><\/p>\n<p><span style=\"font-family: Times New Roman, serif;\"><span style=\"font-size: large;\">&#8211; zmiany w formach opodatkowania (rycza\u0142t ewidencjonowany, karta podatkowa)<\/span><\/span><\/p>\n<p><span style=\"font-family: Times New Roman, serif;\"><span style=\"font-size: large;\"><u><b>ZMIANY W CIT<\/b><\/u><\/span><\/span><\/p>\n<p><span style=\"font-family: Times New Roman, serif;\"><span style=\"font-size: large;\">&#8211; podatek minimalny od przychod\u00f3w<\/span><\/span><\/p>\n<p><span style=\"font-family: Times New Roman, serif;\"><span style=\"font-size: large;\">&#8211; nowy katalog przychod\u00f3w z zysk\u00f3w kapita\u0142owych<\/span><\/span><\/p>\n<p><span style=\"font-family: Times New Roman, serif;\"><span style=\"font-size: large;\">&#8211; ukryte dywidendy<\/span><\/span><\/p>\n<p><span style=\"font-family: Times New Roman, serif;\"><span style=\"font-size: large;\"><u><b>ZMIANY WSP\u00d3LNE DLA PIT I CIT<\/b><\/u><\/span><\/span><\/p>\n<p><span style=\"font-family: Times New Roman, serif;\"><span style=\"font-size: large;\">&#8211; nowy katalog ulg dla przedsi\u0119biorc\u00f3w<\/span><\/span><\/p>\n<p><span style=\"font-family: Times New Roman, serif;\"><span style=\"font-size: large;\">&#8211; ksi\u0119gi i ewidencje w formie elektronicznej<\/span><\/span><\/p>\n<p><span style=\"font-family: Times New Roman, serif;\"><span style=\"font-size: large;\">&#8211; nowe zasady amortyzacji nieruchomo\u015bci mieszkalnych<\/span><\/span><\/p>\n<p><span style=\"font-family: Times New Roman, serif;\"><span style=\"font-size: large;\"><u><b>ZMIANY W UBEZPIECZENIACH SPO\u0141ECZNYCH<\/b><\/u><\/span><\/span><\/p>\n<p><span style=\"font-family: Times New Roman, serif;\"><span style=\"font-size: large;\">&#8211; nielegalne zatrudnienie &#8211; konsekwencje dla pracodawc\u00f3w<\/span><\/span><\/p>\n<p align=\"LEFT\"><span style=\"font-family: Times New Roman, serif;\"><span style=\"font-size: large;\"><b>Prelegent:<\/b><\/span><\/span><\/p>\n<p align=\"LEFT\"><img decoding=\"async\" class=\"alignnone size-medium wp-image-1012\" src=\"http:\/\/migciechanow.pl\/wp-content\/uploads\/2021\/11\/fotka-224x300.jpg\" alt=\"\" width=\"224\" height=\"300\" srcset=\"https:\/\/migciechanow.pl\/wp-content\/uploads\/2021\/11\/fotka-224x300.jpg 224w, https:\/\/migciechanow.pl\/wp-content\/uploads\/2021\/11\/fotka-766x1024.jpg 766w, https:\/\/migciechanow.pl\/wp-content\/uploads\/2021\/11\/fotka-768x1026.jpg 768w, https:\/\/migciechanow.pl\/wp-content\/uploads\/2021\/11\/fotka.jpg 1150w\" sizes=\"(max-width: 224px) 100vw, 224px\" \/><\/p>\n<p align=\"LEFT\"><span style=\"font-family: Times New Roman, serif;\"><span style=\"font-size: large;\"><b>TERESA JURKIEWICZ<\/b><b> <\/b><span style=\"color: #222222;\"><span style=\"font-family: Arial Narrow, sans-serif;\">&#8211; wieloletni praktyk w obszarze dzia\u0142alno\u015bci gospodarczej, opodatkowania firm, ubezpiecze\u0144 spo\u0142ecznych, i prawa pracy. Certyfikowana ksi\u0119gowa, od 1998 roku do chwili obecnej wsp\u00f3\u0142w\u0142a\u015bcicielka Biura Rachunkowego, certyfikowany audytor procedur RODO, trener szkole\u0144 i kurs\u00f3w z rachunkowo\u015bci, prawa pracy i ubezpiecze\u0144 spo\u0142ecznych.<\/span><\/span><\/span><\/span><\/p>\n<p align=\"LEFT\">PLIKI DO POBRANIA:<\/p>\n<ul>\n<li><a href=\"http:\/\/migciechanow.pl\/wp-content\/uploads\/2021\/11\/Agenda-szkolenia-POLSKI-LAD-od-strony-prawnej-i-ksiegowej.pdf\">Agenda szkolenia &#8211; POLSKI \u0141AD od strony prawnej i ksi\u0119gowej<\/a><\/li>\n<li><a href=\"http:\/\/migciechanow.pl\/wp-content\/uploads\/2021\/11\/Karta-zgloszenia-SZKOLENIE-POLSKI-LAD-od-strony-prawnej-i-ksiegowej.doc\">Karta zg\u0142oszenia &#8211; SZKOLENIE &#8211; POLSKI \u0141AD od strony prawnej i ksi\u0119gowej<\/a> &#8211; DOC<\/li>\n<li><a href=\"http:\/\/migciechanow.pl\/wp-content\/uploads\/2021\/11\/Karta-zgloszenia-SZKOLENIE-POLSKI-LAD-od-strony-prawnej-i-ksiegowej.pdf\">Karta zg\u0142oszenia &#8211; SZKOLENIE &#8211; POLSKI \u0141AD od strony prawnej i ksi\u0119gowej &#8211; PDF<\/a><\/li>\n<\/ul>\n","protected":false},"excerpt":{"rendered":"<p>Zapraszamy na szkolenie: \u201ePOLSKI \u0141AD od strony PRAWNEJ i KSI\u0118GOWEJ\u201d 7 grudnia 2021 r. godz. 10.00 \u2013 12.00 Sala konferencyjna Starostwa Powiatowego w Ciechanowie, parter, budynek przy ul. 17 Stycznia&#8230;<\/p>\n","protected":false},"author":1,"featured_media":1018,"comment_status":"closed","ping_status":"open","sticky":false,"template":"","format":"standard","meta":{"footnotes":""},"categories":[20],"tags":[],"class_list":["post-1009","post","type-post","status-publish","format-standard","has-post-thumbnail","hentry","category-z-zycia-izby"],"_links":{"self":[{"href":"https:\/\/migciechanow.pl\/index.php\/wp-json\/wp\/v2\/posts\/1009","targetHints":{"allow":["GET"]}}],"collection":[{"href":"https:\/\/migciechanow.pl\/index.php\/wp-json\/wp\/v2\/posts"}],"about":[{"href":"https:\/\/migciechanow.pl\/index.php\/wp-json\/wp\/v2\/types\/post"}],"author":[{"embeddable":true,"href":"https:\/\/migciechanow.pl\/index.php\/wp-json\/wp\/v2\/users\/1"}],"replies":[{"embeddable":true,"href":"https:\/\/migciechanow.pl\/index.php\/wp-json\/wp\/v2\/comments?post=1009"}],"version-history":[{"count":8,"href":"https:\/\/migciechanow.pl\/index.php\/wp-json\/wp\/v2\/posts\/1009\/revisions"}],"predecessor-version":[{"id":1028,"href":"https:\/\/migciechanow.pl\/index.php\/wp-json\/wp\/v2\/posts\/1009\/revisions\/1028"}],"wp:featuredmedia":[{"embeddable":true,"href":"https:\/\/migciechanow.pl\/index.php\/wp-json\/wp\/v2\/media\/1018"}],"wp:attachment":[{"href":"https:\/\/migciechanow.pl\/index.php\/wp-json\/wp\/v2\/media?parent=1009"}],"wp:term":[{"taxonomy":"category","embeddable":true,"href":"https:\/\/migciechanow.pl\/index.php\/wp-json\/wp\/v2\/categories?post=1009"},{"taxonomy":"post_tag","embeddable":true,"href":"https:\/\/migciechanow.pl\/index.php\/wp-json\/wp\/v2\/tags?post=1009"}],"curies":[{"name":"wp","href":"https:\/\/api.w.org\/{rel}","templated":true}]}}